{"id":2222,"date":"2021-02-18T16:09:47","date_gmt":"2021-02-18T15:09:47","guid":{"rendered":"http:\/\/apel35.fr\/?p=2222"},"modified":"2025-05-14T11:47:15","modified_gmt":"2025-05-14T09:47:15","slug":"resultats-concours-de-creches","status":"publish","type":"post","link":"https:\/\/apel35.fr\/?p=2222","title":{"rendered":"Le partenariat breton Apel &#038; MEDEF"},"content":{"rendered":"\n<!--more-->\n\n\n\n<h2>Contribuer au rapprochement de l&rsquo;\u00e9cole et du monde profesionnel<\/h2>\n\n\n\n<p>Le r\u00e9seau EMP (\u00e9cole et monde professionnel) contribue \u00e0 favoriser les \u00e9changes et les partenariats en faveur de la connaissance du monde professionnel pour les parents et pour les jeunes.<\/p>\n\n\n\n<p>Diverses actions sont men\u00e9es en \u00e9tablissement en collaboration avec l&rsquo;\u00e9quipe enseignante (cr\u00e9ation mini entreprise, carnaval des m\u00e9tiers, concours de dessin sur les m\u00e9tiers&#8230;)<\/p>\n\n\n\n<p><strong>Au niveau r\u00e9gional, le MEDEF s&rsquo;est rapproch\u00e9 de l&rsquo;Apel Bretagne d\u00e8s fin 2022 pour exp\u00e9rimenter un futur d\u00e9ploiement sur le territoire national. Le lancement officiel du partenariat exp\u00e9rimental breton a eu lieu le 2 octobre 2023, \u00e0 Rennes, lors d&rsquo;une grande soir\u00e9e de recherche-collective inter-r\u00e9seaux. Depuis de tr\u00e8s nombreuses actions pour les parents ont \u00e9t\u00e9 mises en place. Une convention de partenariat \u00ab\u00a0cadre\u00a0\u00bb a \u00e9t\u00e9 sign\u00e9e au niveau national le 27 novembre 2023 \u00e0 Paris, pour accompagner le d\u00e9ploiement cons\u00e9cutif en territoire.<\/strong><\/p>\n\n\n\n<figure class=\"wp-block-image size-large\"><a href=\"https:\/\/apel35.fr\/wp-content\/uploads\/2025\/05\/Medef_Apel_Bretagne.jpg\"><img loading=\"lazy\" width=\"1024\" height=\"768\" src=\"https:\/\/apel35.fr\/wp-content\/uploads\/2025\/05\/Medef_Apel_Bretagne-1024x768.jpg\" alt=\"\" class=\"wp-image-4010\" srcset=\"https:\/\/apel35.fr\/wp-content\/uploads\/2025\/05\/Medef_Apel_Bretagne-1024x768.jpg 1024w, https:\/\/apel35.fr\/wp-content\/uploads\/2025\/05\/Medef_Apel_Bretagne-300x225.jpg 300w, https:\/\/apel35.fr\/wp-content\/uploads\/2025\/05\/Medef_Apel_Bretagne-768x576.jpg 768w, https:\/\/apel35.fr\/wp-content\/uploads\/2025\/05\/Medef_Apel_Bretagne-600x450.jpg 600w, https:\/\/apel35.fr\/wp-content\/uploads\/2025\/05\/Medef_Apel_Bretagne-1536x1152.jpg 1536w, https:\/\/apel35.fr\/wp-content\/uploads\/2025\/05\/Medef_Apel_Bretagne.jpg 2048w\" sizes=\"(max-width: 1024px) 100vw, 1024px\" \/><\/a><figcaption>Herv\u00e9 KERMARREC, pr\u00e9sident du MEDEF Bretagne, pr\u00e9sident du Comit\u00e9 des r\u00e9gions du MEDEF national et Christian JOSSE, pr\u00e9sident de l&rsquo;Apel Bretagne, le 2 octobre 2023 \u00e0 Rennes.<\/figcaption><\/figure>\n\n\n\n<p>Le mardi 15 octobre, le partenariat breton s&rsquo;est concr\u00e9tis\u00e9 avec une journ\u00e9e destin\u00e9e aux parents animateurs de BDI Orientation de coll\u00e8ge et lyc\u00e9e. La soci\u00e9t\u00e9 NIJI, sp\u00e9cialiste dans la strat\u00e9gie num\u00e9rique, a accueilli 50 parents b\u00e9n\u00e9voles.<\/p>\n\n\n\n<p><\/p>\n","protected":false},"excerpt":{"rendered":"","protected":false},"author":3,"featured_media":3907,"comment_status":"closed","ping_status":"closed","sticky":false,"template":"","format":"standard","meta":[],"categories":[126,120],"tags":[],"_links":{"self":[{"href":"https:\/\/apel35.fr\/index.php?rest_route=\/wp\/v2\/posts\/2222"}],"collection":[{"href":"https:\/\/apel35.fr\/index.php?rest_route=\/wp\/v2\/posts"}],"about":[{"href":"https:\/\/apel35.fr\/index.php?rest_route=\/wp\/v2\/types\/post"}],"author":[{"embeddable":true,"href":"https:\/\/apel35.fr\/index.php?rest_route=\/wp\/v2\/users\/3"}],"replies":[{"embeddable":true,"href":"https:\/\/apel35.fr\/index.php?rest_route=%2Fwp%2Fv2%2Fcomments&post=2222"}],"version-history":[{"count":26,"href":"https:\/\/apel35.fr\/index.php?rest_route=\/wp\/v2\/posts\/2222\/revisions"}],"predecessor-version":[{"id":4028,"href":"https:\/\/apel35.fr\/index.php?rest_route=\/wp\/v2\/posts\/2222\/revisions\/4028"}],"wp:featuredmedia":[{"embeddable":true,"href":"https:\/\/apel35.fr\/index.php?rest_route=\/wp\/v2\/media\/3907"}],"wp:attachment":[{"href":"https:\/\/apel35.fr\/index.php?rest_route=%2Fwp%2Fv2%2Fmedia&parent=2222"}],"wp:term":[{"taxonomy":"category","embeddable":true,"href":"https:\/\/apel35.fr\/index.php?rest_route=%2Fwp%2Fv2%2Fcategories&post=2222"},{"taxonomy":"post_tag","embeddable":true,"href":"https:\/\/apel35.fr\/index.php?rest_route=%2Fwp%2Fv2%2Ftags&post=2222"}],"curies":[{"name":"wp","href":"https:\/\/api.w.org\/{rel}","templated":true}]}}