{"id":3258,"date":"2023-05-12T15:15:27","date_gmt":"2023-05-12T13:15:27","guid":{"rendered":"https:\/\/apel35.fr\/?p=3258"},"modified":"2024-10-11T16:57:23","modified_gmt":"2024-10-11T14:57:23","slug":"ya-fouei-changer-de-regard-sur-le-handicap","status":"publish","type":"post","link":"https:\/\/apel35.fr\/?p=3258","title":{"rendered":"VIVRE ENSEMBLE ! 4 pistes d&rsquo;actions"},"content":{"rendered":"\n<!--more-->\n\n\n\n<h2><mark class=\"has-inline-color has-luminous-vivid-orange-color\">YA FOUEI : <strong>Sensibiliser \u00e0 la diff\u00e9rence<\/strong> <\/mark><\/h2>\n\n\n\n<p>L\u2019Apel Bretagne a d\u00e9ploy\u00e9 sur l\u2019ensemble de son territoire, \u00e0 destination des Apel \u00e9coles, coll\u00e8ges et lyc\u00e9es, une action \u00ab clefs en mains \u00bb : le projet&nbsp;<a href=\"https:\/\/yafouei.fr\/\">de l&rsquo;association YA FOUEI<\/a><\/p>\n\n\n\n<p><strong>Pour qui ?<\/strong> les \u00e9l\u00e8ves de CP jusqu&rsquo;au coll\u00e8ge avec implication des adultes.  Une version \u00ab\u00a0maternelle\u00a0\u00bb est \u00e9galement d\u00e9ploy\u00e9e. <\/p>\n\n\n\n<p><strong>C&rsquo;est quoi ? <\/strong>une exposition qui sert de support (7 kak\u00e9monos). 3 formules : pr\u00e9sentation de l&rsquo;exposition, animation en plus, atelier d&rsquo;\u00e9changes-d\u00e9bat avec les \u00e9l\u00e8ves.<\/p>\n\n\n\n<p><strong>Qui anime l&rsquo;atelier ?<\/strong> des parents engag\u00e9s \u00e0 l&rsquo;Apel d\u00e9partementale et salari\u00e9es form\u00e9s par l&rsquo;Apel nationale et l&rsquo;association YA FOUEI. <\/p>\n\n\n\n<p><strong>Quand ?<\/strong> sur temps scolaire pour les \u00e9l\u00e8ves et en soir\u00e9e pour les adultes. L&rsquo;atelier dure 1heure pour un groupe classe. <\/p>\n\n\n\n<p>Une animation id\u00e9ale lors d&rsquo;une semaine de sensibilisation au handicap, une journ\u00e9e sans cartable, d\u00e9cloisonn\u00e9e, un projet p\u00e9dagogique pour travailler la coh\u00e9sion de classe&#8230; ou tout simplement en compl\u00e9ment d&rsquo;une Rencontre Parents Ecole \u00ab\u00a0uniques, ensemble \u00e0 l&rsquo;\u00e9cole\u00a0\u00bb. <\/p>\n\n\n\n<p>Vous souhaitez plus de renseignements, contactez l&rsquo;Apel d&rsquo;Ille et Vilaine. <\/p>\n\n\n\n<div class=\"wp-block-columns\">\n<div class=\"wp-block-column\">\n<figure class=\"wp-block-embed is-type-video is-provider-youtube wp-block-embed-youtube wp-embed-aspect-16-9 wp-has-aspect-ratio\"><div class=\"wp-block-embed__wrapper\">\n<iframe loading=\"lazy\" title=\"Exposition Handicap\" width=\"500\" height=\"281\" src=\"https:\/\/www.youtube.com\/embed\/PvMpb0VZvGg?feature=oembed\" frameborder=\"0\" allow=\"accelerometer; autoplay; clipboard-write; encrypted-media; gyroscope; picture-in-picture; web-share\" referrerpolicy=\"strict-origin-when-cross-origin\" allowfullscreen><\/iframe>\n<\/div><\/figure>\n<\/div>\n\n\n\n<div class=\"wp-block-column\"><\/div>\n<\/div>\n\n\n\n<div class=\"wp-block-image\"><figure class=\"aligncenter size-full is-resized\"><a href=\"https:\/\/apel35.fr\/wp-content\/uploads\/2024\/01\/ya-fouei-a-montauban-de-bretagne.png\"><img loading=\"lazy\" src=\"https:\/\/apel35.fr\/wp-content\/uploads\/2024\/01\/ya-fouei-a-montauban-de-bretagne.png\" alt=\"\" class=\"wp-image-3500\" width=\"845\" height=\"272\" srcset=\"https:\/\/apel35.fr\/wp-content\/uploads\/2024\/01\/ya-fouei-a-montauban-de-bretagne.png 546w, https:\/\/apel35.fr\/wp-content\/uploads\/2024\/01\/ya-fouei-a-montauban-de-bretagne-300x97.png 300w\" sizes=\"(max-width: 845px) 100vw, 845px\" \/><\/a><figcaption><strong><mark class=\"has-inline-color has-pale-cyan-blue-color\">Animation avec un groupe de coll\u00e9giens<\/mark><\/strong><\/figcaption><\/figure><\/div>\n\n\n\n<!--nextpage-->\n\n\n\n<h2><mark class=\"has-inline-color has-luminous-vivid-orange-color\">RENCONTRE PARENTS ECOLE \u00ab\u00a0Uniques, ensemble \u00e0 l&rsquo;\u00e9cole\u00a0\u00bb<\/mark><\/h2>\n\n\n\n<p>Une soir\u00e9e <strong>Rencontre Parents Ecole<\/strong> permet aux adultes d&rsquo;une communaut\u00e9 \u00e9ducative d&rsquo;\u00e9changer sur un sujet \u00e9ducatif. C&rsquo;est un concept cr\u00e9\u00e9 par l&rsquo;Apel. Les adultes, parents, enseignants, \u00e9quipe de vie scolaire, animateur en pastorale, personnel, \u00e9changent sur des situations de vie. Des vid\u00e9os de sp\u00e9cialistes permettent de nourrir de d\u00e9bat. Des parents engag\u00e9s \u00e0 l&rsquo;Apel d\u00e9partementale et des salari\u00e9es sont form\u00e9s \u00e0 la technique d&rsquo;animation.<\/p>\n\n\n\n<p>D\u00e9couvrir le concept et les diff\u00e9rents th\u00e8mes des RENCONTRES PARENTS ECOLE lors d&rsquo;une visio d&rsquo;une heure propos\u00e9e le jeudi 15 f\u00e9vrier de 20h30 \u00e0 21h30. Inscription par <a href=\"https:\/\/docs.google.com\/forms\/d\/e\/1FAIpQLSdALRlTMmlwC4rln5R3EDblwcvF2jn1-eWrxfncPNabuR19Qw\/viewform?usp=pp_url\">ici<\/a> pour recevoir le lien teams.<\/p>\n\n\n\n<div class=\"wp-block-columns\">\n<div class=\"wp-block-column\">\n<figure class=\"wp-block-embed is-type-video is-provider-youtube wp-block-embed-youtube wp-embed-aspect-16-9 wp-has-aspect-ratio\"><div class=\"wp-block-embed__wrapper\">\n<iframe loading=\"lazy\" title=\"APEL Nationale - Pr\u00e9sentation d&#039;une RPE\" width=\"500\" height=\"281\" src=\"https:\/\/www.youtube.com\/embed\/kdh53Gbc_JQ?feature=oembed\" frameborder=\"0\" allow=\"accelerometer; autoplay; clipboard-write; encrypted-media; gyroscope; picture-in-picture; web-share\" referrerpolicy=\"strict-origin-when-cross-origin\" allowfullscreen><\/iframe>\n<\/div><\/figure>\n<\/div>\n\n\n\n<div class=\"wp-block-column\">\n<figure class=\"wp-block-image size-full\"><a href=\"https:\/\/apel35.fr\/wp-content\/uploads\/2023\/05\/FB-Tous-uniques-ensemble-a-lecole.jpg\"><img loading=\"lazy\" width=\"940\" height=\"788\" src=\"https:\/\/apel35.fr\/wp-content\/uploads\/2023\/05\/FB-Tous-uniques-ensemble-a-lecole.jpg\" alt=\"\" class=\"wp-image-3501\" srcset=\"https:\/\/apel35.fr\/wp-content\/uploads\/2023\/05\/FB-Tous-uniques-ensemble-a-lecole.jpg 940w, https:\/\/apel35.fr\/wp-content\/uploads\/2023\/05\/FB-Tous-uniques-ensemble-a-lecole-300x251.jpg 300w, https:\/\/apel35.fr\/wp-content\/uploads\/2023\/05\/FB-Tous-uniques-ensemble-a-lecole-768x644.jpg 768w, https:\/\/apel35.fr\/wp-content\/uploads\/2023\/05\/FB-Tous-uniques-ensemble-a-lecole-600x503.jpg 600w\" sizes=\"(max-width: 940px) 100vw, 940px\" \/><\/a><\/figure>\n<\/div>\n<\/div>\n\n\n\n<!--nextpage-->\n\n\n\n<h2><mark class=\"has-inline-color has-luminous-vivid-orange-color\">Les OUTI<strong>LS PEDAGOGIQUES des \u00e9ditions PAROLES DE SAGESSE<\/strong><\/mark><\/h2>\n\n\n\n<p>Cr\u00e9ateur d&rsquo;une <strong>m\u00e9thode p\u00e9dagogique<\/strong>&nbsp;au service de l&rsquo;<strong>\u00e9ducation int\u00e9grale de la personne<\/strong>, les \u00e9ditions PAROLES DE SAGESSE d\u00e9veloppent des parcours qui permettent de d\u00e9velopper les&nbsp;<strong>soft skills<\/strong>&nbsp;en mati\u00e8re de savoir-\u00eatre, d&rsquo;<strong>intelligence \u00e9motionnelle&nbsp;<\/strong>et de pr\u00e9vention du&nbsp;<strong>harc\u00e8lement&nbsp;<\/strong>en amont et en aval de la m\u00e9thode de pr\u00e9occupation partag\u00e9e. <\/p>\n\n\n\n<p>Des parcours sp\u00e9cifiques sont \u00e9labor\u00e9s en partenariat avec l&rsquo;Enseignement catholique et soutenus par l&rsquo;Apel nationale.<\/p>\n\n\n\n<p>Chaque ann\u00e9e, l&rsquo;Apel d&rsquo;Ille et Vilaine propose aux \u00e9tablissements et Apel les diff\u00e9rents parcours. En r\u00e9alisant une commande group\u00e9e sur l&rsquo;ensemble du d\u00e9partement, les prix sont d\u00e9gressifs. Commande \u00e0 passer \u00e0 l&rsquo;Apel 35 avant fin juin. <strong>D\u00e9couvrir le d\u00e9tail et l int\u00e9gralit\u00e9 des parcours par <a href=\"https:\/\/www.parolesdesagesse.com\/outils-pedagogiques-editions-paroles-de-sagesse\">ici<\/a>.<\/strong><\/p>\n\n\n\n<div class=\"wp-block-columns\">\n<div class=\"wp-block-column\">\n<figure class=\"wp-block-image size-full\"><a href=\"https:\/\/apel35.fr\/wp-content\/uploads\/2024\/01\/editions-paroles-de-sagesse.png\"><img loading=\"lazy\" width=\"643\" height=\"651\" src=\"https:\/\/apel35.fr\/wp-content\/uploads\/2024\/01\/editions-paroles-de-sagesse.png\" alt=\"\" class=\"wp-image-3502\" srcset=\"https:\/\/apel35.fr\/wp-content\/uploads\/2024\/01\/editions-paroles-de-sagesse.png 643w, https:\/\/apel35.fr\/wp-content\/uploads\/2024\/01\/editions-paroles-de-sagesse-296x300.png 296w, https:\/\/apel35.fr\/wp-content\/uploads\/2024\/01\/editions-paroles-de-sagesse-600x607.png 600w\" sizes=\"(max-width: 643px) 100vw, 643px\" \/><\/a><\/figure>\n<\/div>\n\n\n\n<div class=\"wp-block-column\">\n<figure class=\"wp-block-image size-full\"><a href=\"https:\/\/apel35.fr\/wp-content\/uploads\/2024\/01\/affiches.png\"><img loading=\"lazy\" width=\"392\" height=\"360\" src=\"https:\/\/apel35.fr\/wp-content\/uploads\/2024\/01\/affiches.png\" alt=\"\" class=\"wp-image-3503\" srcset=\"https:\/\/apel35.fr\/wp-content\/uploads\/2024\/01\/affiches.png 392w, https:\/\/apel35.fr\/wp-content\/uploads\/2024\/01\/affiches-300x276.png 300w\" sizes=\"(max-width: 392px) 100vw, 392px\" \/><\/a><figcaption><strong>Exemple d&rsquo;affiches avec un message impactant <\/strong><br><strong>\u00e0 exposer en classe<br>lors de l&rsquo;animation des diff\u00e9rents parcours <\/strong><\/figcaption><\/figure>\n<\/div>\n<\/div>\n\n\n\n<!--nextpage-->\n\n\n\n<h2><mark class=\"has-inline-color has-luminous-vivid-orange-color\">ATELIERS SENSIBLISER AU HANDICAP<\/mark> gr\u00e2ce \u00e0 l&rsquo;UGSEL 35<\/h2>\n\n\n\n<p>L&rsquo;UGSEL participe \u00e0&nbsp;<strong>la mission \u00e9ducative d<\/strong>e l&rsquo;Enseignement catholique avec des missions et actions en lien avec l&rsquo;activit\u00e9 physique (comp\u00e9titions sportives, rassemblements en territoire, savoir nager, savoir rouler&#8230;), l&rsquo;\u00e9ducation \u00e0 la sant\u00e9 (lutter contre la s\u00e9dentarit\u00e9, apprendre \u00e0 porter secours..).<\/p>\n\n\n\n<p>L&rsquo;UGSEL 35 propose du <strong>mat\u00e9riel en pr\u00eat <\/strong>pour des <a href=\"https:\/\/www.ugsel35.fr\/documents-utiles\/ressources-pedagogiques\/jeux-collectifs\/\">jeux de coop\u00e9ration entre \u00e9l\u00e8ves<\/a> , une <strong>s\u00e9ance handisport<\/strong> (demande \u00e0 exprimer par l&rsquo;\u00e9quipe enseignante <a href=\"https:\/\/forms.office.com\/Pages\/ResponsePage.aspx?id=ESA9fEmaR0-QNlLLET__O3uCn7YA0WRCgFOhDFUuQVhUNVA5QUpLRlcwODJTM0RXTFZPSDc2MTRDNy4u\">ici<\/a>)<\/p>\n\n\n\n<div class=\"wp-block-columns\">\n<div class=\"wp-block-column\">\n<div class=\"wp-block-columns\">\n<div class=\"wp-block-column\">\n<figure class=\"wp-block-video\"><video controls src=\"https:\/\/ugsel35-my.sharepoint.com\/personal\/secretariat_ugsel35_fr\/_layouts\/15\/stream.aspx?id=%2Fpersonal%2Fsecretariat%5Fugsel35%5Ffr%2FDocuments%2FWeb%2FAccueil%2FPresentation%2F%C3%89duquer%20%2E%2E%2E%20tout%20un%20sport%21%2DHD%2Emp4&amp;ga=1&amp;referrer=StreamWebApp%2EWeb&amp;referrerScenario=AddressBarCopied%2Eview\"><\/video><figcaption>D\u00e9couvrez les missions  et actions de l&rsquo;Ugsel 35<\/figcaption><\/figure>\n<\/div>\n\n\n\n<div class=\"wp-block-column\">\n<figure class=\"wp-block-image size-full\"><a href=\"https:\/\/apel35.fr\/wp-content\/uploads\/2024\/01\/handisport.png\"><img loading=\"lazy\" width=\"217\" height=\"158\" src=\"https:\/\/apel35.fr\/wp-content\/uploads\/2024\/01\/handisport.png\" alt=\"\" class=\"wp-image-3504\" \/><\/a><figcaption><a href=\"https:\/\/www.ugsel35.fr\/documents-utiles\/materiel-et-diplomes\/pret-materiel-2\/\">pr\u00eat de mat\u00e9riel<\/a> s\u00e9ance HANDISPORT<\/figcaption><\/figure>\n<\/div>\n<\/div>\n<\/div>\n<\/div>\n","protected":false},"excerpt":{"rendered":"","protected":false},"author":3,"featured_media":3887,"comment_status":"closed","ping_status":"closed","sticky":false,"template":"","format":"standard","meta":[],"categories":[113,124,112],"tags":[],"_links":{"self":[{"href":"https:\/\/apel35.fr\/index.php?rest_route=\/wp\/v2\/posts\/3258"}],"collection":[{"href":"https:\/\/apel35.fr\/index.php?rest_route=\/wp\/v2\/posts"}],"about":[{"href":"https:\/\/apel35.fr\/index.php?rest_route=\/wp\/v2\/types\/post"}],"author":[{"embeddable":true,"href":"https:\/\/apel35.fr\/index.php?rest_route=\/wp\/v2\/users\/3"}],"replies":[{"embeddable":true,"href":"https:\/\/apel35.fr\/index.php?rest_route=%2Fwp%2Fv2%2Fcomments&post=3258"}],"version-history":[{"count":11,"href":"https:\/\/apel35.fr\/index.php?rest_route=\/wp\/v2\/posts\/3258\/revisions"}],"predecessor-version":[{"id":3898,"href":"https:\/\/apel35.fr\/index.php?rest_route=\/wp\/v2\/posts\/3258\/revisions\/3898"}],"wp:featuredmedia":[{"embeddable":true,"href":"https:\/\/apel35.fr\/index.php?rest_route=\/wp\/v2\/media\/3887"}],"wp:attachment":[{"href":"https:\/\/apel35.fr\/index.php?rest_route=%2Fwp%2Fv2%2Fmedia&parent=3258"}],"wp:term":[{"taxonomy":"category","embeddable":true,"href":"https:\/\/apel35.fr\/index.php?rest_route=%2Fwp%2Fv2%2Fcategories&post=3258"},{"taxonomy":"post_tag","embeddable":true,"href":"https:\/\/apel35.fr\/index.php?rest_route=%2Fwp%2Fv2%2Ftags&post=3258"}],"curies":[{"name":"wp","href":"https:\/\/api.w.org\/{rel}","templated":true}]}}