{"id":3842,"date":"2024-10-02T17:18:44","date_gmt":"2024-10-02T15:18:44","guid":{"rendered":"https:\/\/apel35.fr\/?p=3842"},"modified":"2024-10-11T16:56:47","modified_gmt":"2024-10-11T14:56:47","slug":"eduquer-a-la-relation","status":"publish","type":"post","link":"https:\/\/apel35.fr\/?p=3842","title":{"rendered":"EDUQUER A LA RELATION"},"content":{"rendered":"\n<p>Soir\u00e9e de partage et d&rsquo;\u00e9changes entre parents<\/p>\n\n\n\n<!--more-->\n\n\n\n<hr class=\"wp-block-separator\" \/>\n\n\n\n<p>L&rsquo;Apel d&rsquo;Ille et Vilaine s&rsquo;est donn\u00e9e comme orientation d&rsquo;agir sur le champ de l&rsquo;accompagnement parental sur les sujets de l&rsquo;\u00e9ducation \u00e0 la relation au sens large.<\/p>\n\n\n\n<p>Une commission, compos\u00e9e de parents engag\u00e9s \u00e0 l&rsquo;Apel d&rsquo;Ille et Vilaine et dans les Apel \u00e9coles, coll\u00e8ges et lyc\u00e9es, a \u0153uvr\u00e9 sur l&rsquo;ann\u00e9e 2023-2024. <\/p>\n\n\n\n<p>Concr\u00e8tement, une <strong>rencontre<\/strong> puis un <strong>partenariat <\/strong>est n\u00e9 avec <strong>PAROLES pour DEMAIN<\/strong>. 2 ateliers parents ont \u00e9t\u00e9 propos\u00e9s sur Rennes. Ceux ci ont rencontr\u00e9 un vif succ\u00e8s et un int\u00e9r\u00eat des parents sur le sujet.<\/p>\n\n\n\n<p><strong>Et maintenant ?<\/strong><\/p>\n\n\n\n<p>Vous souhaitez proposer une initiative au sein de votre \u00e9tablissement ? C&rsquo;est possible avec l&rsquo;aide de l&rsquo;Apel d&rsquo;Ille et Vilaine (outils de communication, aide financi\u00e8re \u00e0 hauteur de 50% possible)<\/p>\n\n\n\n<p>Contactez l&rsquo;Apel d&rsquo;Ille et Vilaine pour en savoir plus : 02 99 33 75 13<\/p>\n","protected":false},"excerpt":{"rendered":"<p>Soir\u00e9e de partage et d&rsquo;\u00e9changes entre parents<\/p>\n","protected":false},"author":3,"featured_media":3889,"comment_status":"closed","ping_status":"closed","sticky":false,"template":"","format":"standard","meta":[],"categories":[113,124],"tags":[],"_links":{"self":[{"href":"https:\/\/apel35.fr\/index.php?rest_route=\/wp\/v2\/posts\/3842"}],"collection":[{"href":"https:\/\/apel35.fr\/index.php?rest_route=\/wp\/v2\/posts"}],"about":[{"href":"https:\/\/apel35.fr\/index.php?rest_route=\/wp\/v2\/types\/post"}],"author":[{"embeddable":true,"href":"https:\/\/apel35.fr\/index.php?rest_route=\/wp\/v2\/users\/3"}],"replies":[{"embeddable":true,"href":"https:\/\/apel35.fr\/index.php?rest_route=%2Fwp%2Fv2%2Fcomments&post=3842"}],"version-history":[{"count":3,"href":"https:\/\/apel35.fr\/index.php?rest_route=\/wp\/v2\/posts\/3842\/revisions"}],"predecessor-version":[{"id":3897,"href":"https:\/\/apel35.fr\/index.php?rest_route=\/wp\/v2\/posts\/3842\/revisions\/3897"}],"wp:featuredmedia":[{"embeddable":true,"href":"https:\/\/apel35.fr\/index.php?rest_route=\/wp\/v2\/media\/3889"}],"wp:attachment":[{"href":"https:\/\/apel35.fr\/index.php?rest_route=%2Fwp%2Fv2%2Fmedia&parent=3842"}],"wp:term":[{"taxonomy":"category","embeddable":true,"href":"https:\/\/apel35.fr\/index.php?rest_route=%2Fwp%2Fv2%2Fcategories&post=3842"},{"taxonomy":"post_tag","embeddable":true,"href":"https:\/\/apel35.fr\/index.php?rest_route=%2Fwp%2Fv2%2Ftags&post=3842"}],"curies":[{"name":"wp","href":"https:\/\/api.w.org\/{rel}","templated":true}]}}