{"id":4098,"date":"2025-09-19T15:44:44","date_gmt":"2025-09-19T13:44:44","guid":{"rendered":"https:\/\/apel35.fr\/?p=4098"},"modified":"2025-11-05T16:50:05","modified_gmt":"2025-11-05T15:50:05","slug":"la-rentree-des-bdi-orientation","status":"publish","type":"post","link":"https:\/\/apel35.fr\/?p=4098","title":{"rendered":"La Rentr\u00e9e des BDI Orientation"},"content":{"rendered":"\n<p><\/p>\n\n\n\n<div class=\"wp-block-columns\">\n<div class=\"wp-block-column\" style=\"flex-basis:66.66%\">\n<figure class=\"wp-block-image size-full\"><a href=\"https:\/\/apel35.fr\/wp-content\/uploads\/2025\/09\/Capture-decran-2025-10-15-102454.png\"><img loading=\"lazy\" width=\"787\" height=\"988\" src=\"https:\/\/apel35.fr\/wp-content\/uploads\/2025\/09\/Capture-decran-2025-10-15-102454.png\" alt=\"\" class=\"wp-image-4203\" srcset=\"https:\/\/apel35.fr\/wp-content\/uploads\/2025\/09\/Capture-decran-2025-10-15-102454.png 787w, https:\/\/apel35.fr\/wp-content\/uploads\/2025\/09\/Capture-decran-2025-10-15-102454-239x300.png 239w, https:\/\/apel35.fr\/wp-content\/uploads\/2025\/09\/Capture-decran-2025-10-15-102454-768x964.png 768w, https:\/\/apel35.fr\/wp-content\/uploads\/2025\/09\/Capture-decran-2025-10-15-102454-600x753.png 600w\" sizes=\"(max-width: 787px) 100vw, 787px\" \/><\/a><\/figure>\n<\/div>\n\n\n\n<div class=\"wp-block-column\" style=\"flex-basis:33.33%\">\n<div style=\"height:286px\" aria-hidden=\"true\" class=\"wp-block-spacer\"><\/div>\n\n\n\n<p style=\"text-align: center\">La rentr\u00e9e des <strong>BDI Orientation<\/strong> a eu lieu le mardi 14 octobre 2025 de 9h30 \u00e0 16h30 \u00e0 l&rsquo;Espace d&rsquo;accueil formation Le Cartel (Br\u00e9al sous Montfort)<\/p>\n<p style=\"text-align: center\"><a href=\"https:\/\/www.instagram.com\/p\/DP0s_riCItj\/\"><span style=\"color: #ff00ff\"><b>Retrouvez la vid\u00e9o de cette journ\u00e9e juste ici&nbsp;<\/b><\/span><\/a><\/p>\n<p><\/p>\n\n\n\n<div class=\"wp-container-1 wp-block-buttons\"><\/div>\n<\/div>\n<\/div>\n\n\n\n<p><\/p>\n","protected":false},"excerpt":{"rendered":"<p>La rentr\u00e9e des BDI Orientation a eu lieu le mardi 14 octobre 2025 de 9h30 \u00e0 16h30 \u00e0 l&rsquo;Espace d&rsquo;accueil formation Le Cartel (Br\u00e9al sous Montfort) Retrouvez la vid\u00e9o de cette journ\u00e9e juste ici&nbsp;<\/p>\n","protected":false},"author":3,"featured_media":4203,"comment_status":"closed","ping_status":"closed","sticky":false,"template":"","format":"standard","meta":[],"categories":[113],"tags":[],"_links":{"self":[{"href":"https:\/\/apel35.fr\/index.php?rest_route=\/wp\/v2\/posts\/4098"}],"collection":[{"href":"https:\/\/apel35.fr\/index.php?rest_route=\/wp\/v2\/posts"}],"about":[{"href":"https:\/\/apel35.fr\/index.php?rest_route=\/wp\/v2\/types\/post"}],"author":[{"embeddable":true,"href":"https:\/\/apel35.fr\/index.php?rest_route=\/wp\/v2\/users\/3"}],"replies":[{"embeddable":true,"href":"https:\/\/apel35.fr\/index.php?rest_route=%2Fwp%2Fv2%2Fcomments&post=4098"}],"version-history":[{"count":9,"href":"https:\/\/apel35.fr\/index.php?rest_route=\/wp\/v2\/posts\/4098\/revisions"}],"predecessor-version":[{"id":4207,"href":"https:\/\/apel35.fr\/index.php?rest_route=\/wp\/v2\/posts\/4098\/revisions\/4207"}],"wp:featuredmedia":[{"embeddable":true,"href":"https:\/\/apel35.fr\/index.php?rest_route=\/wp\/v2\/media\/4203"}],"wp:attachment":[{"href":"https:\/\/apel35.fr\/index.php?rest_route=%2Fwp%2Fv2%2Fmedia&parent=4098"}],"wp:term":[{"taxonomy":"category","embeddable":true,"href":"https:\/\/apel35.fr\/index.php?rest_route=%2Fwp%2Fv2%2Fcategories&post=4098"},{"taxonomy":"post_tag","embeddable":true,"href":"https:\/\/apel35.fr\/index.php?rest_route=%2Fwp%2Fv2%2Ftags&post=4098"}],"curies":[{"name":"wp","href":"https:\/\/api.w.org\/{rel}","templated":true}]}}