{"id":570,"date":"2017-11-20T12:15:02","date_gmt":"2017-11-20T11:15:02","guid":{"rendered":"http:\/\/apel35.fr\/?p=570"},"modified":"2024-01-28T21:39:01","modified_gmt":"2024-01-28T20:39:01","slug":"temoignages-de-parents","status":"publish","type":"post","link":"https:\/\/apel35.fr\/?p=570","title":{"rendered":"T\u00e9moignages de parents !"},"content":{"rendered":"\n<blockquote class=\"wp-block-quote\"><p>Je tenais \u00e0 vous remercier pour votre soutien et votre accompagnement dans le d\u00e9roulement de cette proc\u00e9dure (commission de recours \u00e9cole). Mon mari et moi-m\u00eame ainsi que notre fille avons travers\u00e9 beaucoup de stress et d\u2019incompr\u00e9hension. Votre \u00e9coute et vos conseils ont \u00e9t\u00e9 d\u2019une aide pr\u00e9cieuse. Notre fille va pouvoir se projeter dans sa prochaine rentr\u00e9e et nous allons l\u2019\u00e9tayer de notre mieux \u00e0 sa pr\u00e9paration et son organisation. <\/p><cite>maman d&rsquo;une jeune fille dont la situation a \u00e9t\u00e9 pr\u00e9sent\u00e9e en commission de recours (en cas de d\u00e9saccord de la famille suite \u00e0 la d\u00e9cision d&rsquo;orientation de l&rsquo;\u00e9quipe \u00e9ducative). juin 2023<\/cite><\/blockquote>\n\n\n\n<hr class=\"wp-block-separator\" \/>\n\n\n\n<blockquote class=\"wp-block-quote\"><p>Echanges simples, sympathiques et enrichissants. Sujet s\u00e9rieux abord\u00e9 en toute convivialit\u00e9 et dans le respect de chacun. Merci !<\/p><cite>maman d enfant en maternelle &#8211; participante \u00e0 une rencontre Parents-Ecole sur le th\u00e8me : les \u00e9crans, une question d&rsquo;\u00e9quilibre. 23\/05\/2023<\/cite><\/blockquote>\n\n\n\n<blockquote class=\"wp-block-quote\"><p>Je tenais \u00e0 vous remercier pour l&rsquo;aide que vous m&rsquo;avez apport\u00e9 dans cette d\u00e9marche d&rsquo;attente un peu difficile mais gr\u00e2ce \u00e0 votre soutien j&rsquo;ai pu obtenir des r\u00e9ponses claires et rassurantes. Merci vraiment pour votre aide.<\/p><cite> Asma &#8211; 2021- Maman d&rsquo;un enfant ayant une notification pour un accompagnement AESH <\/cite><\/blockquote>\n\n\n\n<hr class=\"wp-block-separator\" \/>\n\n\n\n<blockquote class=\"wp-block-quote\"><p>Bonjour,  Merci beaucoup pour cette belle soir\u00e9e, qui nous d\u00e9voile un monde encore peu connu. Merci pour cet orateur talentueux, qui nous fait partager ses connaissances. Merci \u00e0 vous tous.<\/p><cite>Fran\u00e7oise et Martine &#8211; 29\/03\/2019 &#8211; participantes \u00e0 une conf\u00e9rence organis\u00e9e par 12 Apel rennaises sur le th\u00e8me : G\u00e9n\u00e9ration Z, ados hyperconnect\u00e9s, c&rsquo;est grave Monsieur ?<\/cite><\/blockquote>\n\n\n\n<hr class=\"wp-block-separator\" \/>\n","protected":false},"excerpt":{"rendered":"<p>Je tenais \u00e0 vous remercier pour votre soutien et votre accompagnement dans le d\u00e9roulement de cette proc\u00e9dure (commission de recours \u00e9cole). Mon mari et moi-m\u00eame ainsi que notre fille avons travers\u00e9 beaucoup de stress et d\u2019incompr\u00e9hension. Votre \u00e9coute et vos conseils ont \u00e9t\u00e9 d\u2019une aide pr\u00e9cieuse. Notre fille va pouvoir se projeter dans sa prochaine &hellip;<\/p>\n","protected":false},"author":1,"featured_media":581,"comment_status":"closed","ping_status":"closed","sticky":false,"template":"","format":"standard","meta":[],"categories":[113],"tags":[],"_links":{"self":[{"href":"https:\/\/apel35.fr\/index.php?rest_route=\/wp\/v2\/posts\/570"}],"collection":[{"href":"https:\/\/apel35.fr\/index.php?rest_route=\/wp\/v2\/posts"}],"about":[{"href":"https:\/\/apel35.fr\/index.php?rest_route=\/wp\/v2\/types\/post"}],"author":[{"embeddable":true,"href":"https:\/\/apel35.fr\/index.php?rest_route=\/wp\/v2\/users\/1"}],"replies":[{"embeddable":true,"href":"https:\/\/apel35.fr\/index.php?rest_route=%2Fwp%2Fv2%2Fcomments&post=570"}],"version-history":[{"count":20,"href":"https:\/\/apel35.fr\/index.php?rest_route=\/wp\/v2\/posts\/570\/revisions"}],"predecessor-version":[{"id":3605,"href":"https:\/\/apel35.fr\/index.php?rest_route=\/wp\/v2\/posts\/570\/revisions\/3605"}],"wp:featuredmedia":[{"embeddable":true,"href":"https:\/\/apel35.fr\/index.php?rest_route=\/wp\/v2\/media\/581"}],"wp:attachment":[{"href":"https:\/\/apel35.fr\/index.php?rest_route=%2Fwp%2Fv2%2Fmedia&parent=570"}],"wp:term":[{"taxonomy":"category","embeddable":true,"href":"https:\/\/apel35.fr\/index.php?rest_route=%2Fwp%2Fv2%2Fcategories&post=570"},{"taxonomy":"post_tag","embeddable":true,"href":"https:\/\/apel35.fr\/index.php?rest_route=%2Fwp%2Fv2%2Ftags&post=570"}],"curies":[{"name":"wp","href":"https:\/\/api.w.org\/{rel}","templated":true}]}}